{"id":114809,"date":"2022-08-21T12:30:58","date_gmt":"2022-08-21T11:30:58","guid":{"rendered":"https:\/\/rozlebregar.com\/norway-stetind\/"},"modified":"2023-11-18T13:33:19","modified_gmt":"2023-11-18T12:33:19","slug":"norveska-moj-epski-vzpon-na-vrh-stetinda","status":"publish","type":"post","link":"https:\/\/rozlebregar.com\/sl\/norveska-moj-epski-vzpon-na-vrh-stetinda\/","title":{"rendered":"Norve\u0161ka &#8211; Moj epski vzpon na vrh Stetinda"},"content":{"rendered":"<p>V Stetind sem se zaljubil, \u0161e preden sem se odpravil na enomese\u010dno potovanje po Norve\u0161ki. Njegova skoraj popolna obeliskova oblika mu je prinesla vzdevek &#8220;Norsk-Matterhorn&#8221;. Ta mogo\u010dna gora, ki je znana kot narodna gora Norve\u0161ke, se dviga visoko 1392 m nad dih jemajo\u010dimi fjordi, po katerih je znana Norve\u0161ka. Res sem si \u017eelel povzpeti nanjo.<\/p>\n<p>Odlo\u010dili smo se za normalno pot. Vzpon ni za tiste z mehkim srcem, toda osupljivi razgledi ob poti vse to popla\u010dajo. Ko smo se vzpenjali vi\u0161e, so bili fjordi pod nami videti kot slika s svojimi kristalno \u010distimi vodami in bujno zeleno okolico.<\/p>\n<p>Vrhunec vzpona je bil, ko smo dosegli razgiban ozki greben. Obi\u010dajno je to najbolj stra\u0161ljiv in izpostavljen del vzpona. Vendar pa so dramati\u010dni oblaki tistega dne naredili vzpon manj zastra\u0161ujo\u010d. Bilo je, kot da bi hodili po oblaku.<\/p>\n<p>Ob\u010dutek, ko sem stal na vrhu Stetinda, je bil neopisljiv. To je bil trenutek popolnega ob\u010dudovanja in \u010dudenja. Po\u010dutil sem se, kot da sem na vrhu sveta, in gledam na lepoto Norve\u0161ke.<\/p>\n<p>\u010ce na\u010drtujete potovanje na Norve\u0161ko, ne zamudite prilo\u017enosti za vzpon na Stetind. Gre za zahteven vzpon, toda osupljivi razgledi in ob\u010dutek dose\u017eka na vrhu so vredni truda. In kdo ve, morda se vanjo zaljubite tako kot jaz.<\/p>\n","protected":false},"excerpt":{"rendered":"<p>V Stetind sem se zaljubil, \u0161e preden sem se odpravil na enomese\u010dno potovanje po Norve\u0161ki. Njegova skoraj popolna obeliskova oblika [&hellip;]<\/p>\n","protected":false},"author":1,"featured_media":113777,"comment_status":"open","ping_status":"open","sticky":false,"template":"","format":"standard","meta":{"footnotes":""},"categories":[133],"tags":[],"class_list":["post-114809","post","type-post","status-publish","format-standard","has-post-thumbnail","hentry","category-uncategorized-sl"],"_links":{"self":[{"href":"https:\/\/rozlebregar.com\/sl\/wp-json\/wp\/v2\/posts\/114809","targetHints":{"allow":["GET"]}}],"collection":[{"href":"https:\/\/rozlebregar.com\/sl\/wp-json\/wp\/v2\/posts"}],"about":[{"href":"https:\/\/rozlebregar.com\/sl\/wp-json\/wp\/v2\/types\/post"}],"author":[{"embeddable":true,"href":"https:\/\/rozlebregar.com\/sl\/wp-json\/wp\/v2\/users\/1"}],"replies":[{"embeddable":true,"href":"https:\/\/rozlebregar.com\/sl\/wp-json\/wp\/v2\/comments?post=114809"}],"version-history":[{"count":0,"href":"https:\/\/rozlebregar.com\/sl\/wp-json\/wp\/v2\/posts\/114809\/revisions"}],"wp:featuredmedia":[{"embeddable":true,"href":"https:\/\/rozlebregar.com\/sl\/wp-json\/wp\/v2\/media\/113777"}],"wp:attachment":[{"href":"https:\/\/rozlebregar.com\/sl\/wp-json\/wp\/v2\/media?parent=114809"}],"wp:term":[{"taxonomy":"category","embeddable":true,"href":"https:\/\/rozlebregar.com\/sl\/wp-json\/wp\/v2\/categories?post=114809"},{"taxonomy":"post_tag","embeddable":true,"href":"https:\/\/rozlebregar.com\/sl\/wp-json\/wp\/v2\/tags?post=114809"}],"curies":[{"name":"wp","href":"https:\/\/api.w.org\/{rel}","templated":true}]}}